{"id":2092,"date":"2015-03-08T16:44:33","date_gmt":"2015-03-08T15:44:33","guid":{"rendered":"http:\/\/weitermituns.de\/?p=2092"},"modified":"2015-03-08T16:44:33","modified_gmt":"2015-03-08T15:44:33","slug":"winterpesto-ruccola-und-cashewnuesse","status":"publish","type":"post","link":"https:\/\/weitermituns.de\/?p=2092","title":{"rendered":"Winterpesto &#8211; Ruccola und Cashewn\u00fcsse"},"content":{"rendered":"<p>Das perfekte Rezept, wenn noch Ruccola im K\u00fchlschrank ist. Als mir das einfiel, fing er bereits langsam an, gelb zu werden. Als Salat mochte ich ihn so nicht mehr essen. Also Pesto aus ihm gemacht. Die Mengenangaben sind ungef\u00e4hre Angaben, die Konsistenz l\u00e4sst sich durch weitere \u00d6lzugabe durchaus fl\u00fcssiger gestalten.<\/p>\n<p>Ich verzichte auf Knoblauch, weil mir die Senf\u00f6le als Geschmackstr\u00e4ger im Ruccola reichen. Au\u00dferdem ist kein Parmesan drin, das macht das Pesto &#8211; gut bedeckt mit \u00d6l &#8211; l\u00e4nger haltbar. Prima zu Spaghetti, aber auch als Brotaufstrich, z.B. unter Avocadoscheiben. Pestos mache ich immer mit dem Schneideaufsatz des Braun-Multiquick und gebe zum Mixen ein geschmacksneutrales \u00d6l hinzu. Oliven\u00f6l kann durch das schnelle Mixen bitter werden. Wer gerne Oliven\u00f6l mag, kann das nach dem Kleinhacken noch mit der Hand unterr\u00fchren.<\/p>\n<p>Das Pesto reicht f\u00fcr mindestens 4 Portionen Nudeln. Es h\u00e4lt sich im K\u00fchlschrank problemlos 4-6 Tage.<\/p>\n<div data-carousel-extra='{\"blog_id\":1,\"permalink\":\"https:\\\/\\\/weitermituns.de\\\/?p=2092\"}' class=\"tiled-gallery type-rectangular\" data-original-width=\"440\"><div class=\"gallery-row\" style=\"width: 435px; height: 197px;\"><div class=\"gallery-group images-1\" style=\"width: 300px; height: 201px;\"><div class=\"tiled-gallery-item tiled-gallery-item-large\"><a href=\"https:\/\/weitermituns.de\/?attachment_id=2093\"><img loading=\"lazy\" decoding=\"async\" data-attachment-id=\"2093\" data-orig-file=\"https:\/\/weitermituns.de\/wp-content\/uploads\/2015\/03\/2015_03_03_Pesto-1.jpg\" data-orig-size=\"1024,683\" data-comments-opened=\"1\" data-image-meta=\"{&quot;aperture&quot;:&quot;3.5&quot;,&quot;credit&quot;:&quot;&quot;,&quot;camera&quot;:&quot;Canon EOS 600D&quot;,&quot;caption&quot;:&quot;&quot;,&quot;created_timestamp&quot;:&quot;1425390151&quot;,&quot;copyright&quot;:&quot;&quot;,&quot;focal_length&quot;:&quot;50&quot;,&quot;iso&quot;:&quot;100&quot;,&quot;shutter_speed&quot;:&quot;0.01&quot;,&quot;title&quot;:&quot;&quot;,&quot;orientation&quot;:&quot;1&quot;}\" data-image-title=\"2015_03_03_Pesto (1)\" data-image-description=\"\" data-medium-file=\"https:\/\/weitermituns.de\/wp-content\/uploads\/2015\/03\/2015_03_03_Pesto-1-300x200.jpg\" data-large-file=\"https:\/\/weitermituns.de\/wp-content\/uploads\/2015\/03\/2015_03_03_Pesto-1-1024x683.jpg\" src=\"https:\/\/weitermituns.de\/wp-content\/uploads\/2015\/03\/2015_03_03_Pesto-1-296x197.jpg\" width=\"296\" height=\"197\" align=\"left\" title=\"2015_03_03_Pesto (1)\" \/><\/a><div class=\"tiled-gallery-caption\">Zutaten f\u00fcr Pesto<\/div><\/div><\/div><div class=\"gallery-group images-1\" style=\"width: 135px; height: 201px;\"><div class=\"tiled-gallery-item tiled-gallery-item-small\"><a href=\"https:\/\/weitermituns.de\/?attachment_id=2094\"><img loading=\"lazy\" decoding=\"async\" data-attachment-id=\"2094\" data-orig-file=\"https:\/\/weitermituns.de\/wp-content\/uploads\/2015\/03\/2015_03_03_Pesto-2.jpg\" data-orig-size=\"683,1024\" data-comments-opened=\"1\" data-image-meta=\"{&quot;aperture&quot;:&quot;2.8&quot;,&quot;credit&quot;:&quot;&quot;,&quot;camera&quot;:&quot;Canon EOS 600D&quot;,&quot;caption&quot;:&quot;&quot;,&quot;created_timestamp&quot;:&quot;1425390431&quot;,&quot;copyright&quot;:&quot;&quot;,&quot;focal_length&quot;:&quot;50&quot;,&quot;iso&quot;:&quot;200&quot;,&quot;shutter_speed&quot;:&quot;0.016666666666667&quot;,&quot;title&quot;:&quot;&quot;,&quot;orientation&quot;:&quot;1&quot;}\" data-image-title=\"2015_03_03_Pesto (2)\" data-image-description=\"\" data-medium-file=\"https:\/\/weitermituns.de\/wp-content\/uploads\/2015\/03\/2015_03_03_Pesto-2-200x300.jpg\" data-large-file=\"https:\/\/weitermituns.de\/wp-content\/uploads\/2015\/03\/2015_03_03_Pesto-2-683x1024.jpg\" src=\"https:\/\/weitermituns.de\/wp-content\/uploads\/2015\/03\/2015_03_03_Pesto-2-131x197.jpg\" width=\"131\" height=\"197\" align=\"left\" title=\"2015_03_03_Pesto (2)\" \/><\/a><div class=\"tiled-gallery-caption\">Pestozutaten im Mixer &#8211; davor<\/div><\/div><\/div><\/div><\/div>\n<p><strong>Zutaten:<\/strong><\/p>\n<p>2 handvoll Ruccola (etwa 1 Supermarktpackung, 125g)<br \/>\n1 handvoll Cashews (etwa 100g)<br \/>\n8 EL Distel\u00f6l (oder anderes mildes \u00d6l)<br \/>\nSalz, Pfeffer<\/p>\n<p><strong>Zubereitung:<\/strong><\/p>\n<ol>\n<li>Ruccola waschen und gut trocken schleudern.<\/li>\n<li>Abwechselnd Ruccola und Cashews in den Mixer geben. Ruccola ggf. ein bisschen reindr\u00fccken oder -stopfen, bis alles reinpasst.<\/li>\n<li>Etwa einen Teel\u00f6ffel Salz und Pfeffer aus etwa 3-4 Drehbewegungen hinzugeben.<\/li>\n<li>Mixen bis alles klein und homogen vermengt ist, ggf. von oben nachschieben oder die Pulse-Funktion nutzen bzw. den Mixer immer wieder kurzzeitig ein- und ausschalten, bis alles nachgerutscht ist.<\/li>\n<li>Optional: Geschmack durch die Zugabe von Oliven\u00f6l verfeinern. Mit der Hand unterr\u00fchren bzw. nur noch sehr kurz untermixen.<\/li>\n<li>In ein Glas abf\u00fcllen und mit \u00d6l bedecken. K\u00fchlen.<\/li>\n<\/ol>\n<div data-carousel-extra='{\"blog_id\":1,\"permalink\":\"https:\\\/\\\/weitermituns.de\\\/?p=2092\"}' class=\"tiled-gallery type-rectangular\" data-original-width=\"440\"><div class=\"gallery-row\" style=\"width: 435px; height: 287px;\"><div class=\"gallery-group images-1\" style=\"width: 435px; height: 291px;\"><div class=\"tiled-gallery-item tiled-gallery-item-large\"><a href=\"https:\/\/weitermituns.de\/?attachment_id=2095\"><img loading=\"lazy\" decoding=\"async\" data-attachment-id=\"2095\" data-orig-file=\"https:\/\/weitermituns.de\/wp-content\/uploads\/2015\/03\/2015_03_03_Pesto-3.jpg\" data-orig-size=\"1024,683\" data-comments-opened=\"1\" data-image-meta=\"{&quot;aperture&quot;:&quot;2.8&quot;,&quot;credit&quot;:&quot;&quot;,&quot;camera&quot;:&quot;Canon EOS 600D&quot;,&quot;caption&quot;:&quot;&quot;,&quot;created_timestamp&quot;:&quot;1425390589&quot;,&quot;copyright&quot;:&quot;&quot;,&quot;focal_length&quot;:&quot;50&quot;,&quot;iso&quot;:&quot;160&quot;,&quot;shutter_speed&quot;:&quot;0.016666666666667&quot;,&quot;title&quot;:&quot;&quot;,&quot;orientation&quot;:&quot;1&quot;}\" data-image-title=\"2015_03_03_Pesto (3)\" data-image-description=\"\" data-medium-file=\"https:\/\/weitermituns.de\/wp-content\/uploads\/2015\/03\/2015_03_03_Pesto-3-300x200.jpg\" data-large-file=\"https:\/\/weitermituns.de\/wp-content\/uploads\/2015\/03\/2015_03_03_Pesto-3-1024x683.jpg\" src=\"https:\/\/weitermituns.de\/wp-content\/uploads\/2015\/03\/2015_03_03_Pesto-3-431x287.jpg\" width=\"431\" height=\"287\" align=\"left\" title=\"2015_03_03_Pesto (3)\" \/><\/a><div class=\"tiled-gallery-caption\">Pesto im Mixer &#8211; danach<\/div><\/div><\/div><\/div><\/div>\n","protected":false},"excerpt":{"rendered":"<p>Das perfekte Rezept, wenn noch Ruccola im K\u00fchlschrank ist. Als mir das einfiel, fing er bereits langsam an, gelb zu werden. Als Salat mochte ich ihn so nicht mehr essen. Also Pesto aus ihm gemacht. Die Mengenangaben sind ungef\u00e4hre Angaben, &hellip; <a href=\"https:\/\/weitermituns.de\/?p=2092\">Weiterlesen <span class=\"meta-nav\">&rarr;<\/span><\/a><\/p>\n","protected":false},"author":1,"featured_media":2096,"comment_status":"open","ping_status":"open","sticky":false,"template":"","format":"standard","meta":{"footnotes":""},"categories":[330],"tags":[661],"_links":{"self":[{"href":"https:\/\/weitermituns.de\/index.php?rest_route=\/wp\/v2\/posts\/2092"}],"collection":[{"href":"https:\/\/weitermituns.de\/index.php?rest_route=\/wp\/v2\/posts"}],"about":[{"href":"https:\/\/weitermituns.de\/index.php?rest_route=\/wp\/v2\/types\/post"}],"author":[{"embeddable":true,"href":"https:\/\/weitermituns.de\/index.php?rest_route=\/wp\/v2\/users\/1"}],"replies":[{"embeddable":true,"href":"https:\/\/weitermituns.de\/index.php?rest_route=%2Fwp%2Fv2%2Fcomments&post=2092"}],"version-history":[{"count":3,"href":"https:\/\/weitermituns.de\/index.php?rest_route=\/wp\/v2\/posts\/2092\/revisions"}],"predecessor-version":[{"id":2099,"href":"https:\/\/weitermituns.de\/index.php?rest_route=\/wp\/v2\/posts\/2092\/revisions\/2099"}],"wp:featuredmedia":[{"embeddable":true,"href":"https:\/\/weitermituns.de\/index.php?rest_route=\/wp\/v2\/media\/2096"}],"wp:attachment":[{"href":"https:\/\/weitermituns.de\/index.php?rest_route=%2Fwp%2Fv2%2Fmedia&parent=2092"}],"wp:term":[{"taxonomy":"category","embeddable":true,"href":"https:\/\/weitermituns.de\/index.php?rest_route=%2Fwp%2Fv2%2Fcategories&post=2092"},{"taxonomy":"post_tag","embeddable":true,"href":"https:\/\/weitermituns.de\/index.php?rest_route=%2Fwp%2Fv2%2Ftags&post=2092"}],"curies":[{"name":"wp","href":"https:\/\/api.w.org\/{rel}","templated":true}]}}